
{"id":434,"date":"2020-04-13T16:14:17","date_gmt":"2020-04-13T16:14:17","guid":{"rendered":"https:\/\/itgetsbetter.org\/paraguay\/?post_type=initiative&#038;p=434"},"modified":"2022-01-18T09:02:59","modified_gmt":"2022-01-18T09:02:59","slug":"5-historias-del-mundo-que-empoderan-para-ver-en-casa","status":"publish","type":"post","link":"https:\/\/igb.global\/paraguay\/blog\/5-historias-del-mundo-que-empoderan-para-ver-en-casa\/","title":{"rendered":"5 HISTORIAS QUE EMPODERAN PARA VER EN CASA"},"content":{"rendered":"\n<p class=\"wp-block-paragraph\"><em>Desde el 2010, It Gets Better Project y su <a href=\"http:\/\/itgetsbetter.org\/global\">Red de Afiliados<\/a> han colectado m\u00e1s de 60.000 <a href=\"https:\/\/www.youtube.com\/channel\/UCZtoKV60TAgW90CSXJMq49A\">historias en video <\/a>de personas LGBTI+ y sus aliades por todo el mundo. Aqu\u00ed hay algunas de nuestras favoritas de Marzo 2020.<\/em><\/p>\n\n\n\n<hr class=\"wp-block-separator\" \/>\n\n\n\n<p class=\"wp-block-paragraph\"><strong>Menchi Barriocanal nos comparte apoyo y esperanza<\/strong>.<\/p>\n\n\n\n<p class=\"wp-block-paragraph\">La carism\u00e1tica y talentosa periodista Menchi Barriocanal nos dej\u00f3 mensajes de apoyo y esperanza a nuestra poblaci\u00f3n LGBTI.<\/p>\n\n\n\n<figure class=\"wp-block-embed-youtube wp-block-embed is-type-video is-provider-youtube wp-embed-aspect-16-9 wp-has-aspect-ratio\"><div class=\"wp-block-embed__wrapper\">\n<iframe loading=\"lazy\" title=\"&quot;Ten\u00e9s que ser feliz con tu orientaci\u00f3n sexual&quot; | Todo Mejora: Menchi Barriocanal\" width=\"500\" height=\"281\" src=\"https:\/\/www.youtube.com\/embed\/WWhA3FBOuRc?feature=oembed\" frameborder=\"0\" allow=\"accelerometer; autoplay; clipboard-write; encrypted-media; gyroscope; picture-in-picture; web-share\" referrerpolicy=\"strict-origin-when-cross-origin\" allowfullscreen><\/iframe>\n<\/div><\/figure>\n\n\n\n<p class=\"wp-block-paragraph\"><strong>Desde M\u00e9xico, unos orgullosos padres comparten su historia de superaci\u00f3n de la homofobia para apoyar a sus dos hijos homosexuales<\/strong>.<\/p>\n\n\n\n<p class=\"wp-block-paragraph\">En colaboraci\u00f3n con el Colectivo para la Protecci\u00f3n de Todas las Familias en Yucat\u00e1n con nuestra filial hermana It Gets Better M\u00e9xico empezar\u00f3n con una serie de videos de familiares de personas LGBTI que comparten sus testimonios de aceptaci\u00f3n y amor incondicional por sus seres queridos. Conoce m\u00e1s sobre la historia de Campos D\u00edaz:<\/p>\n\n\n\n<figure class=\"wp-block-embed-youtube wp-block-embed is-type-video is-provider-youtube wp-embed-aspect-16-9 wp-has-aspect-ratio\"><div class=\"wp-block-embed__wrapper\">\n<iframe loading=\"lazy\" title=\"Nelia &amp; V\u00edctor - Familia Orgullosa. #TodasSonFamilias\" width=\"500\" height=\"281\" src=\"https:\/\/www.youtube.com\/embed\/slYX-NDmIOI?feature=oembed\" frameborder=\"0\" allow=\"accelerometer; autoplay; clipboard-write; encrypted-media; gyroscope; picture-in-picture; web-share\" referrerpolicy=\"strict-origin-when-cross-origin\" allowfullscreen><\/iframe>\n<\/div><\/figure>\n\n\n\n<p class=\"wp-block-paragraph\"><strong>Enrique Bernab\u00e9u se une a It Gets Better Espa\u00f1a<\/strong>.<\/p>\n\n\n\n<p class=\"wp-block-paragraph\">En el D\u00eda de la Cero Discriminaci\u00f3n, Enrique Bernabeu se uni\u00f3 junto a nuestres compa\u00f1eres de Espa\u00f1a para hablar sobre la doble discriminaci\u00f3n que ha sufrido como persona con discapacidad y por ser parte de la comunidad LGTBI. \u00abNo est\u00e1s solo y te animo a luchar para que sigas adelante\u00bb, dijo. <\/p>\n\n\n\n<figure class=\"wp-block-embed-youtube wp-block-embed is-type-video is-provider-youtube wp-embed-aspect-16-9 wp-has-aspect-ratio\"><div class=\"wp-block-embed__wrapper\">\n<iframe loading=\"lazy\" title=\"Enrique Bernab\u00e9u - It Gets Better Espa\u00f1a\" width=\"500\" height=\"281\" src=\"https:\/\/www.youtube.com\/embed\/ZN8n2_DCYQs?feature=oembed\" frameborder=\"0\" allow=\"accelerometer; autoplay; clipboard-write; encrypted-media; gyroscope; picture-in-picture; web-share\" referrerpolicy=\"strict-origin-when-cross-origin\" allowfullscreen><\/iframe>\n<\/div><\/figure>\n\n\n\n<p class=\"wp-block-paragraph\"><strong>Yura comparte su historia con It Gets Better Rusia<\/strong>.<\/p>\n\n\n\n<p class=\"wp-block-paragraph\">Yura, o Yuki, tiene 18 a\u00f1os y acaba de contar su historia para nuestres compa\u00f1eres en Rusia.<\/p>\n\n\n\n<figure class=\"wp-block-embed-youtube wp-block-embed is-type-video is-provider-youtube wp-embed-aspect-16-9 wp-has-aspect-ratio\"><div class=\"wp-block-embed__wrapper\">\nhttps:\/\/youtu.be\/-BYdJ5XN40Y\n<\/div><\/figure>\n\n\n\n<p class=\"wp-block-paragraph\"><strong>Y desde EEUU, un mensaje de Taylor Hickson<\/strong>.<\/p>\n\n\n\n<p class=\"wp-block-paragraph\">Taylor Hickson (Raelle Collar) y Amalia Holm (Scylla Ramshorn) del nuevo programa \u00abMotherland: Fort Salem\u00bb comparten un mensaje de amor y apoyo para la comunidad LGBTI.<\/p>\n\n\n\n<figure class=\"wp-block-embed-youtube wp-block-embed is-type-video is-provider-youtube wp-embed-aspect-16-9 wp-has-aspect-ratio\"><div class=\"wp-block-embed__wrapper\">\n<iframe loading=\"lazy\" title=\"&quot;Love Is Not Divided By Gender Or Sexual Orientation&quot; | A Message from &quot;Motherland: Fort Salem&quot;\" width=\"500\" height=\"281\" src=\"https:\/\/www.youtube.com\/embed\/8Gm5moJQAfw?feature=oembed\" frameborder=\"0\" allow=\"accelerometer; autoplay; clipboard-write; encrypted-media; gyroscope; picture-in-picture; web-share\" referrerpolicy=\"strict-origin-when-cross-origin\" allowfullscreen><\/iframe>\n<\/div><\/figure>\n\n\n\n<blockquote class=\"wp-block-quote is-layout-flow wp-block-quote-is-layout-flow\"><p><strong><em>Sin olvidar que&#8230;<\/em><\/strong><\/p><\/blockquote>\n\n\n\n<p class=\"wp-block-paragraph\"><strong>Ofrecemos antenci\u00f3n Psicol\u00f3ica Gratuita Online<\/strong> <strong>gracias a nuestra Hora Segura.<\/strong><\/p>\n\n\n\n<p class=\"wp-block-paragraph\">Te queremos ayudar, porque sabemos que estos d\u00edas ser\u00e1n dif\u00edciles. Por eso, te ofrecemos atenci\u00f3n psicol\u00f3gica gratuita v\u00eda la Hora Segura. Agend\u00e1 tu cita y record\u00e1 que todo va a mejorar! <\/p>\n\n\n\n<figure class=\"wp-block-embed-wordpress wp-block-embed is-type-wp-embed is-provider-it-gets-better-paraguay\"><div class=\"wp-block-embed__wrapper\">\nhttps:\/\/itgetsbetter.org\/paraguay\/initiatives\/antencion-psicoloica-gratuita-online\/\n<\/div><\/figure>\n\n\n\n<p class=\"wp-block-paragraph\"><strong>Lista de profesionales de la Sociedad Paraguaya de Psicolog\u00eda que prestan servicio de contenci\u00f3n e intervenci\u00f3n en crisis, gratuita en linea \u2013 Caso COVID-19.<\/strong><\/p>\n\n\n\n<p class=\"wp-block-paragraph\">La Sociedad Paraguaya de Psicolog\u00eda a trav\u00e9s de sus asociados ofrecen servicios de atenci\u00f3n gratuita a la ciudadan\u00eda ante las crisis que genera el COVID-19.<\/p>\n\n\n\n<figure class=\"wp-block-embed-wordpress wp-block-embed is-type-wp-embed is-provider-it-gets-better-paraguay\"><div class=\"wp-block-embed__wrapper\">\nhttps:\/\/itgetsbetter.org\/paraguay\/initiatives\/lista-de-profesionales\/\n<\/div><\/figure>\n\n\n\n<p class=\"wp-block-paragraph\"><strong>\u00a1Escribe tu historia y compar\u00e9 con nosotres!<\/strong> <\/p>\n\n\n\n<p class=\"wp-block-paragraph\">Desde nuestro sitio de mensajer\u00eda podes enviarnos tus historias por escrito o por video, lo editamos y lo compartimos en nuestras redes sociales, as\u00ed apoyas a m\u00e1s j\u00f3venes LGBTI que necesitan saber que #TodoMejora. <\/p>\n\n\n\n<figure class=\"wp-block-embed-wordpress wp-block-embed is-type-wp-embed is-provider-it-gets-better-paraguay\"><div class=\"wp-block-embed__wrapper\">\nhttps:\/\/itgetsbetter.org\/paraguay\/story\/historias-que-inspiran\/\n<\/div><\/figure>\n\n\n\n<p class=\"wp-block-paragraph\"><strong>La Red Paraguaya de la Diversidad Sexual apoya a mujeres trans afectadas por la cuarentena.<\/strong><\/p>\n\n\n\n<p class=\"wp-block-paragraph\">Mediante la movilizaci\u00f3n de las orgs. socias&nbsp;<a href=\"https:\/\/www.facebook.com\/casadiversapy\/?__xts__%5B0%5D=68.ARDBMWt577qLA6t2v__Zwd5DseZBYqgVlQ0NhXfHzEVYZcKB1NjytolzSxcgpa0lI18RBYwqD4iRIb5xZC4ylVeZHAbK8WE4C7JRPU-_HoSGZxU8e8S_8fWHo27-wM2YllBX97d7yUZfIqgdCztpAIsZY2EUU3rwa8n1LOBegaryWUmfg7pi-mLFqYWuDZ5X0E4Hg65pfcntK6Y2pc83VUrHiUHXMyA6wk6Vko5jOKuzD1Y8NVRDEYTbZfotaqz2nfSlK-dHo_WkyLPkGoU9q5ohIV4BPmwFXumHwCt5ju3FzQo1wlwNJ-iWzqEfnOy9wHOz2BBowIpNGaJJ8gVCRPEaVw&amp;__xts__%5B1%5D=68.ARC19nfRcGPgm4MkoidKyUQIY6DgL-hwjso6aXQzFfEeiTJ0vpGbBJZ8dmMqaJ9F_6FmZrSZOpwzrMz3yAWZUms-lAeCwNxzv8vNGgRtk7YqSx1E6xm_Z-ljMtjV0gdsrKVBQFpvHYHJBPhegNNMt7OydB6w8-iT0WZnKMZRI4XRn_-3WfFTFARO2du6-Vnwsl_-luAlZhm9R-MAuojnaH7ePAnhIzAYTK3WxCcMzEp21BDFPWi6kr3DgNdEdE8nvicFN4xowDh8hHO-NpqA6Z-cK4nkiTZJyrsylyIFJGfhaasi7W7UwrwngK3h5gllPZc6nNZWMCmmzojOb7FFtx5ifQ&amp;__tn__=K-R&amp;eid=ARB5b4WdCgVrHMUAXAbjkvFVpzScG5L3bohpep30SBEGTSkEQ0Fci0Y0yd91FevbP8SjB_j9iq8Fbewu&amp;fref=mentions\">Casa Diversa<\/a>&nbsp;y&nbsp;<a href=\"https:\/\/www.facebook.com\/profile.php?id=100007518732627&amp;__tn__=K-R&amp;eid=ARAGtKgzwcngBx-APyvCOShMgLdtrlbbsB1DGekNT5qsLWu3SGk0DkKdDDT1MyGntn3Sy4OmRBrdQvGm&amp;fref=mentions&amp;__xts__%5B0%5D=68.ARC19nfRcGPgm4MkoidKyUQIY6DgL-hwjso6aXQzFfEeiTJ0vpGbBJZ8dmMqaJ9F_6FmZrSZOpwzrMz3yAWZUms-lAeCwNxzv8vNGgRtk7YqSx1E6xm_Z-ljMtjV0gdsrKVBQFpvHYHJBPhegNNMt7OydB6w8-iT0WZnKMZRI4XRn_-3WfFTFARO2du6-Vnwsl_-luAlZhm9R-MAuojnaH7ePAnhIzAYTK3WxCcMzEp21BDFPWi6kr3DgNdEdE8nvicFN4xowDh8hHO-NpqA6Z-cK4nkiTZJyrsylyIFJGfhaasi7W7UwrwngK3h5gllPZc6nNZWMCmmzojOb7FFtx5ifQ\">Escalando<\/a>, la red desembols\u00f3 fondos para la compra de kits de alimentos no perecederos para 200 mujeres trans en su mayor\u00eda trabajadoras sexuales de Asunci\u00f3n, Central, Amambay, Alto Paran\u00e1, Caaguaz\u00fa, Guaira, Itap\u00faa y Pte. Hayes, que se encuentran en paro y por ende sin posibilidad de sostener su alimentaci\u00f3n diaria. <\/p>\n\n\n\n<figure class=\"wp-block-embed-facebook wp-block-embed is-type-rich is-provider-facebook\"><div class=\"wp-block-embed__wrapper\">\n<div class=\"fb-post\" data-href=\"https:\/\/www.facebook.com\/repadis\/posts\/2882997661778885?__xts__%5B0%5D=68.ARDBMWt577qLA6t2v__Zwd5DseZBYqgVlQ0NhXfHzEVYZcKB1NjytolzSxcgpa0lI18RBYwqD4iRIb5xZC4ylVeZHAbK8WE4C7JRPU-_HoSGZxU8e8S_8fWHo27-wM2YllBX97d7yUZfIqgdCztpAIsZY2EUU3rwa8n1LOBegaryWUmfg7pi-mLFqYWuDZ5X0E4Hg65pfcntK6Y2pc83VUrHiUHXMyA6wk6Vko5jOKuzD1Y8NVRDEYTbZfotaqz2nfSlK-dHo_WkyLPkGoU9q5ohIV4BPmwFXumHwCt5ju3FzQo1wlwNJ-iWzqEfnOy9wHOz2BBowIpNGaJJ8gVCRPEaVw&#038;__tn__=-R\" data-width=\"552\" style=\"background-color: #fff; display: inline-block;\"><\/div>\n<\/div><\/figure>\n\n\n\n<p class=\"wp-block-paragraph\"><strong>El Servicio Rohendu de la org. Aireana tambi\u00e9n se suma al apoyo en salud mental para afrontar la pandemia del COVID-19<\/strong>.<\/p>\n\n\n\n<p class=\"wp-block-paragraph\">Aireana elavor\u00f3 unos tips desde&nbsp;<a href=\"https:\/\/www.facebook.com\/hashtag\/rohendu?source=feed_text&amp;epa=HASHTAG&amp;__xts__%5B0%5D=68.ARBSu9vO4-NFQZf8OQPkGKgNfCKPVjZF-roxgja-umlSqZIQRMB0eKnPGPKGUdsp8OhQJlvFf0r2r45sLfx2AOVkunsQTLqDoDpJNPvkiD9Kc4llszjO1SM5HPHIESgzXmqZvmucRJEsDMHetR1QEn_vlHpgeGzMGN3iiGwQOn_krhehBDcnY9TcfQsWCstA7s85wDfcDUOc4E2rC9SyECLZxV5EuIBftYw9HAQEYIb9ZrnfqUVurz_EOYfQ0b14T1-UkOR6-rc77n0obT3N1GY4F_V2-50cVVeDyA_gHe7e4Gv8zWXepVDrW_WaUmk4OBD3m8_vYYCauX3_n0KvIFwSCEbS&amp;__tn__=%2ANK-R\">#Rohendu<\/a> que puedan ser de utilidad, pero sobre todo, y ante cualquier situaci\u00f3n, quieren que sepas que pod\u00e9s escribirlas o llamarlas.&nbsp;\ud83e\udd17\ud83c\udf08<\/p>\n\n\n\n<figure class=\"wp-block-embed-facebook wp-block-embed is-type-rich is-provider-facebook\"><div class=\"wp-block-embed__wrapper\">\n<div class=\"fb-post\" data-href=\"https:\/\/www.facebook.com\/aireana.laserafina\/posts\/2820172881542964\" data-width=\"552\" style=\"background-color: #fff; display: inline-block;\"><\/div>\n<\/div><\/figure>\n\n\n\n<p class=\"wp-block-paragraph\">Adem\u00e1s nuestres compa\u00f1eres afiliades y nosotres hemos estado elavorando informaci\u00f3n importante para prevenir el COVI-19, desde consejos de la OMS, hasta el de los ministerios de salud de cada pa\u00eds, y as\u00ed conectar a los j\u00f3venes LGBTI con los recursos disponibles y los consejos de autocuidado en caso de que lo necesiten, as\u00ed como con toda la red en la que hemos seguido mejorando y compartiendo contenido positivo.<\/p>\n\n\n\n<figure class=\"wp-block-embed-twitter wp-block-embed is-type-rich is-provider-twitter\"><div class=\"wp-block-embed__wrapper\">\n<div class=\"embed-twitter\"><blockquote class=\"twitter-tweet\" data-width=\"500\" data-dnt=\"true\"><p lang=\"es\" dir=\"ltr\">\u26a0\ufe0f Protecci\u00f3n y medidas preventivas en salud mental ante el <a href=\"https:\/\/twitter.com\/hashtag\/COVID19?src=hash&amp;ref_src=twsrc%5Etfw\">#COVID19<\/a> \ud83d\ude37<br><br>Son tiempos de <a href=\"https:\/\/twitter.com\/hashtag\/cuarentena?src=hash&amp;ref_src=twsrc%5Etfw\">#cuarentena<\/a>  en gran parte del mundo por ende tanta informaci\u00f3n puede afectar nuestro d\u00eda a d\u00eda. Te compartimos unos tips para sentirte mejor contigo misme. \ud83e\udd17\ud83d\udcaa\ud83c\udffb <a href=\"https:\/\/twitter.com\/hashtag\/QuedateEnCasa?src=hash&amp;ref_src=twsrc%5Etfw\">#QuedateEnCasa<\/a> <a href=\"https:\/\/twitter.com\/hashtag\/TodoMejora?src=hash&amp;ref_src=twsrc%5Etfw\">#TodoMejora<\/a> <a href=\"https:\/\/t.co\/YnTDfE3oFJ\">pic.twitter.com\/YnTDfE3oFJ<\/a><\/p>&mdash; It Gets Better Paraguay (@ItGetsBetterPy) <a href=\"https:\/\/twitter.com\/ItGetsBetterPy\/status\/1240703469515931648?ref_src=twsrc%5Etfw\">March 19, 2020<\/a><\/blockquote><script async src=\"https:\/\/platform.twitter.com\/widgets.js\" charset=\"utf-8\"><\/script><\/div>\n<\/div><\/figure>\n\n\n\n<figure class=\"wp-block-embed-twitter wp-block-embed is-type-rich is-provider-twitter\"><div class=\"wp-block-embed__wrapper\">\n<div class=\"embed-twitter\"><blockquote class=\"twitter-tweet\" data-width=\"500\" data-dnt=\"true\"><p lang=\"en\" dir=\"ltr\">Join us for a live Twitter chat hosted by <a href=\"https:\/\/twitter.com\/YuhuaHamasaki?ref_src=twsrc%5Etfw\">@YuhuaHamasaki<\/a> during <a href=\"https:\/\/twitter.com\/hashtag\/DragRace?src=hash&amp;ref_src=twsrc%5Etfw\">#DragRace<\/a> tonight at 8 PM EST! \ud83d\udcfa\ud83c\udf08\ud83d\udc51See you there! <a href=\"https:\/\/t.co\/j6HujRZfuv\">pic.twitter.com\/j6HujRZfuv<\/a><\/p>&mdash; It Gets Better (@ItGetsBetter) <a href=\"https:\/\/twitter.com\/ItGetsBetter\/status\/1243644166334304257?ref_src=twsrc%5Etfw\">March 27, 2020<\/a><\/blockquote><script async src=\"https:\/\/platform.twitter.com\/widgets.js\" charset=\"utf-8\"><\/script><\/div>\n<\/div><\/figure>\n\n\n\n<figure class=\"wp-block-embed-twitter wp-block-embed is-type-rich is-provider-twitter\"><div class=\"wp-block-embed__wrapper\">\n<div class=\"embed-twitter\"><blockquote class=\"twitter-tweet\" data-width=\"500\" data-dnt=\"true\"><p lang=\"es\" dir=\"ltr\">Respeta la cuarentena y <a href=\"https:\/\/twitter.com\/hashtag\/Qu%C3%A9dateEnLaCasa?src=hash&amp;ref_src=twsrc%5Etfw\">#Qu\u00e9dateEnLaCasa<\/a> pero recuerda que no est\u00e1s solx. Si necesitas hablar con un profesional, escr\u00edbenos por Facebook en los horarios de la <a href=\"https:\/\/twitter.com\/hashtag\/HoraSegura?src=hash&amp;ref_src=twsrc%5Etfw\">#HoraSegura<\/a> Lunes de 8 a 9.30PM y jueves de 12 a 1.30PM. No nos distanciemos como comunidad. <a href=\"https:\/\/twitter.com\/hashtag\/TodoMejora?src=hash&amp;ref_src=twsrc%5Etfw\">#TodoMejora<\/a> <a href=\"https:\/\/twitter.com\/hashtag\/ItGetsBetter?src=hash&amp;ref_src=twsrc%5Etfw\">#ItGetsBetter<\/a> <a href=\"https:\/\/t.co\/IAscL8aOBC\">pic.twitter.com\/IAscL8aOBC<\/a><\/p>&mdash; It Gets Better Per\u00fa \ud83c\udff3\ufe0f\u200d\ud83c\udf08\ud83c\uddf5\ud83c\uddea (@itgetsbetterpe) <a href=\"https:\/\/twitter.com\/itgetsbetterpe\/status\/1240329619980591105?ref_src=twsrc%5Etfw\">March 18, 2020<\/a><\/blockquote><script async src=\"https:\/\/platform.twitter.com\/widgets.js\" charset=\"utf-8\"><\/script><\/div>\n<\/div><\/figure>\n\n\n\n<figure class=\"wp-block-embed-twitter wp-block-embed is-type-rich is-provider-twitter\"><div class=\"wp-block-embed__wrapper\">\n<div class=\"embed-twitter\"><blockquote class=\"twitter-tweet\" data-width=\"500\" data-dnt=\"true\"><p lang=\"es\" dir=\"ltr\">.<a href=\"https:\/\/twitter.com\/gloriagaynor?ref_src=twsrc%5Etfw\">@gloriagaynor<\/a> cantando \u201cI Will Survive\u201d lav\u00e1ndose las manos es el contenido queer que necesit\u00e1bamos. <a href=\"https:\/\/twitter.com\/hashtag\/IWillSurviveChallenge?src=hash&amp;ref_src=twsrc%5Etfw\">#IWillSurviveChallenge<\/a> \ud83e\uddfc\ud83c\udf08\u2728<a href=\"https:\/\/t.co\/hARrtjYBwj\">pic.twitter.com\/hARrtjYBwj<\/a><\/p>&mdash; It Gets Better M\u00e9xico \ud83c\uddf2\ud83c\uddfd (@ItGetsBetterMx) <a href=\"https:\/\/twitter.com\/ItGetsBetterMx\/status\/1238300527743639552?ref_src=twsrc%5Etfw\">March 13, 2020<\/a><\/blockquote><script async src=\"https:\/\/platform.twitter.com\/widgets.js\" charset=\"utf-8\"><\/script><\/div>\n<\/div><\/figure>\n\n\n\n<figure class=\"wp-block-embed-twitter wp-block-embed is-type-rich is-provider-twitter\"><div class=\"wp-block-embed__wrapper\">\n<div class=\"embed-twitter\"><blockquote class=\"twitter-tweet\" data-width=\"500\" data-dnt=\"true\"><p lang=\"es\" dir=\"ltr\">\ud83d\udcda Encierro, amor y el recuerdo de la primera cita son las partes que conforman este primer <a href=\"https:\/\/twitter.com\/hashtag\/CuentosEnCuarentena?src=hash&amp;ref_src=twsrc%5Etfw\">#CuentosEnCuarentena<\/a> que podr\u00e1s encontrar en el blog de @itgetsbetterespana. \u00bfTe animas a escribir? <a href=\"https:\/\/twitter.com\/hashtag\/TodoMejora?src=hash&amp;ref_src=twsrc%5Etfw\">#TodoMejora<\/a> \ud83c\udf08<br>\u27a1\ufe0f<a href=\"https:\/\/t.co\/Uqb08Vbwhr\">https:\/\/t.co\/Uqb08Vbwhr<\/a> <a href=\"https:\/\/t.co\/sqmeTF1pA4\">pic.twitter.com\/sqmeTF1pA4<\/a><\/p>&mdash; It Gets Better Espa\u00f1a \ud83c\uddea\ud83c\uddf8 (@ItGetsBetter_es) <a href=\"https:\/\/twitter.com\/ItGetsBetter_es\/status\/1243990840688750594?ref_src=twsrc%5Etfw\">March 28, 2020<\/a><\/blockquote><script async src=\"https:\/\/platform.twitter.com\/widgets.js\" charset=\"utf-8\"><\/script><\/div>\n<\/div><\/figure>\n\n\n\n<p class=\"wp-block-paragraph\"><strong><em>Haz&nbsp;<a href=\"https:\/\/itgetsbetter.org\/about\/\">click<\/a>&nbsp;para aprender m\u00e1s sobre la red global de afiliados de It Gets Better Project.<\/em><\/strong><\/p>\n","protected":false},"excerpt":{"rendered":"<p>\u00a1Enterate qu\u00e9 hicimos en nuestro pa\u00eds y por el mundo en Marzo!<\/p>\n","protected":false},"author":62,"featured_media":441,"comment_status":"closed","ping_status":"closed","sticky":false,"template":"","format":"standard","meta":{"_coblocks_attr":"","_coblocks_dimensions":"","_coblocks_responsive_height":"","_coblocks_accordion_ie_support":"","_jetpack_newsletter_access":"","_jetpack_dont_email_post_to_subs":false,"_jetpack_newsletter_tier_id":0,"_jetpack_memberships_contains_paywalled_content":false,"_jetpack_feature_clip_id":0,"_jetpack_memberships_contains_paid_content":false,"footnotes":"","jetpack_post_was_ever_published":false},"categories":[],"tags":[],"class_list":["post-434","post","type-post","status-publish","format-standard","has-post-thumbnail","hentry"],"jetpack_sharing_enabled":true,"jetpack_featured_media_url":"https:\/\/i0.wp.com\/igb.global\/paraguay\/wp-content\/uploads\/sites\/10\/2020\/04\/intro-menchi.png?fit=1280%2C720&ssl=1","_links":{"self":[{"href":"https:\/\/igb.global\/paraguay\/wp-json\/wp\/v2\/posts\/434","targetHints":{"allow":["GET"]}}],"collection":[{"href":"https:\/\/igb.global\/paraguay\/wp-json\/wp\/v2\/posts"}],"about":[{"href":"https:\/\/igb.global\/paraguay\/wp-json\/wp\/v2\/types\/post"}],"author":[{"embeddable":true,"href":"https:\/\/igb.global\/paraguay\/wp-json\/wp\/v2\/users\/62"}],"replies":[{"embeddable":true,"href":"https:\/\/igb.global\/paraguay\/wp-json\/wp\/v2\/comments?post=434"}],"version-history":[{"count":2,"href":"https:\/\/igb.global\/paraguay\/wp-json\/wp\/v2\/posts\/434\/revisions"}],"predecessor-version":[{"id":1153,"href":"https:\/\/igb.global\/paraguay\/wp-json\/wp\/v2\/posts\/434\/revisions\/1153"}],"wp:featuredmedia":[{"embeddable":true,"href":"https:\/\/igb.global\/paraguay\/wp-json\/wp\/v2\/media\/441"}],"wp:attachment":[{"href":"https:\/\/igb.global\/paraguay\/wp-json\/wp\/v2\/media?parent=434"}],"wp:term":[{"taxonomy":"category","embeddable":true,"href":"https:\/\/igb.global\/paraguay\/wp-json\/wp\/v2\/categories?post=434"},{"taxonomy":"post_tag","embeddable":true,"href":"https:\/\/igb.global\/paraguay\/wp-json\/wp\/v2\/tags?post=434"}],"curies":[{"name":"wp","href":"https:\/\/api.w.org\/{rel}","templated":true}]}}