
{"id":530,"date":"2020-06-23T16:52:00","date_gmt":"2020-06-23T16:52:00","guid":{"rendered":"https:\/\/itgetsbetter.org\/paraguay\/?post_type=initiative&#038;p=530"},"modified":"2022-01-18T09:02:59","modified_gmt":"2022-01-18T09:02:59","slug":"diversificando-la-paternidad","status":"publish","type":"post","link":"https:\/\/igb.global\/paraguay\/blog\/diversificando-la-paternidad\/","title":{"rendered":"DIVERSIFICANDO LA PATERNIDAD"},"content":{"rendered":"\n<blockquote class=\"wp-block-quote is-layout-flow wp-block-quote-is-layout-flow\"><p><em>El concepto de paternidad, ha sido frecuentemente considerado un t\u00e9rmino\u00a0 que irradia fuertes lazos de\u00a0conexi\u00f3n y arraigos afectivos y normativos desde diferentes contextos a nivel cultural. <\/em><\/p><\/blockquote>\n\n\n\n<p class=\"has-text-align-justify wp-block-paragraph\">Dentro del contexto de la paternidades diversas, encontramos estimulos al percibir lazos muy intensos, como ra\u00edces s\u00f3lidas o semillas sembradas y fortalecidas que hasta a veces escapan de un an\u00e1lisis racional debido a ese&nbsp; apego y especie de v\u00ednculo que transmite el simple t\u00e9rmino en general. Pero, <strong>\u00bfqu\u00e9 implica realmente la paternidad?&nbsp;&nbsp;<\/strong><\/p>\n\n\n\n<p class=\"has-text-align-justify wp-block-paragraph\">Culturalmente la paternidad es considerada como una cualidad de car\u00e1cter hasta casi jer\u00e1rquica en muchos casos, donde, por un lado, se entremezclan afectos y algunas emociones, por otro lado,&nbsp; mayormente fluct\u00faan rasgos estrechamente relacionados a la firmeza y la disciplina que promueven a un desarrollo de la estructuraci\u00f3n ps\u00edquica encaminado a lo normativo y hac\u00eda casi una subordinaci\u00f3n hasta&nbsp; determinadas edades o etapas.&nbsp;<\/p>\n\n\n\n<figure class=\"wp-block-image size-large\"><img data-recalc-dims=\"1\" loading=\"lazy\" decoding=\"async\" width=\"1024\" height=\"682\" src=\"https:\/\/i0.wp.com\/itgetsbetter.org\/paraguay\/wp-content\/uploads\/sites\/10\/2020\/06\/pexels-photo-3968148-1024x682.jpeg?resize=1024%2C682&#038;ssl=1\" alt=\"\" class=\"wp-image-532\" srcset=\"https:\/\/i0.wp.com\/igb.global\/paraguay\/wp-content\/uploads\/sites\/10\/2020\/06\/pexels-photo-3968148.jpeg?resize=1024%2C682&amp;ssl=1 1024w, https:\/\/i0.wp.com\/igb.global\/paraguay\/wp-content\/uploads\/sites\/10\/2020\/06\/pexels-photo-3968148.jpeg?resize=300%2C200&amp;ssl=1 300w, https:\/\/i0.wp.com\/igb.global\/paraguay\/wp-content\/uploads\/sites\/10\/2020\/06\/pexels-photo-3968148.jpeg?resize=768%2C512&amp;ssl=1 768w, https:\/\/i0.wp.com\/igb.global\/paraguay\/wp-content\/uploads\/sites\/10\/2020\/06\/pexels-photo-3968148.jpeg?resize=1536%2C1024&amp;ssl=1 1536w, https:\/\/i0.wp.com\/igb.global\/paraguay\/wp-content\/uploads\/sites\/10\/2020\/06\/pexels-photo-3968148.jpeg?resize=83%2C55&amp;ssl=1 83w, https:\/\/i0.wp.com\/igb.global\/paraguay\/wp-content\/uploads\/sites\/10\/2020\/06\/pexels-photo-3968148.jpeg?resize=150%2C100&amp;ssl=1 150w, https:\/\/i0.wp.com\/igb.global\/paraguay\/wp-content\/uploads\/sites\/10\/2020\/06\/pexels-photo-3968148.jpeg?resize=600%2C400&amp;ssl=1 600w, https:\/\/i0.wp.com\/igb.global\/paraguay\/wp-content\/uploads\/sites\/10\/2020\/06\/pexels-photo-3968148.jpeg?w=1880&amp;ssl=1 1880w\" sizes=\"auto, (max-width: 1000px) 100vw, 1000px\" \/><\/figure>\n\n\n\n<p class=\"has-text-align-justify wp-block-paragraph\">Los ni\u00f1os, sin lugar a dudas, requieren de espacios relacionados a lo estrictamente disciplinario pero la balanza de la \u201cpaternidad\u201d en nuestra sociedad, se inclina notablemente hacia este factor de obediencia normalizada, obviando las numerosas virtudes que envuelven a esta cualidad \u00fanica y diferente.&nbsp;<\/p>\n\n\n\n<p class=\"has-text-align-justify wp-block-paragraph\">Una paternidad implica aglomerar <strong>diversas <\/strong>cualidades, sin inclinar la balanza hacia determinados factores. Por lo contrario, una paternidad saludable requiere mantener un equilibrio desde lo afectivo y lo disciplinario, manteniendo una apertura y recepci\u00f3n afectiva, abriendo puertas que favorezcan el desarrollo afectivo de un hijo. Aunque no existe ning\u00fan manual, dentro de las&nbsp; diversas cualidades que infiere una paternidad, existen dos&nbsp; pasos de las cuales son imprescindibles para una adecuada conjunci\u00f3n padre- hijo:&nbsp; <strong>apertura <\/strong>y <strong>aceptaci\u00f3n.<\/strong><\/p>\n\n\n\n<p class=\"has-text-align-justify wp-block-paragraph\"><strong>&nbsp;<\/strong>&nbsp;Previo a&nbsp; aceptarse como una figura paterna, es necesario aceptarse como uno mismo es, con sus virtudes y debilidades. Reconocer su sentido de pertenencia, acept\u00e1ndose como s\u00ed, consolidando sus sentimientos, sus gustos y afectos, sin condicionamiento alguno. No deben ser obst\u00e1culos &nbsp;los&nbsp; componentes o rasgos propios de la personalidad de cada uno, la orientaci\u00f3n sexual ni las actitudes o valores que sembramos;&nbsp; ning\u00fan factor puede invalidar a aceptarnos como nos sentimos c\u00f3modos y felices.<\/p>\n\n\n\n<p class=\"has-text-align-justify wp-block-paragraph\">Partiendo desde esa reconfirmaci\u00f3n de c\u00f3mo somos, iniciamos un proceso de aceptaci\u00f3n como figura paterna, aceptando a nuestros hijos del mismo modo que nos aceptamos a nosotros mismos. Los padres deben brindar ese espacio de apertura&nbsp; y aceptaci\u00f3n de las diversas maneras que pueden expresar&nbsp; sus hijos&nbsp; sus emociones y afectos. El apoyo que deben transmitir fortalece y solidifica ps\u00edquicamente a los hijos, quienes en consecuencia podr\u00e1n sentirse libres de transmitir, expresar y brindar afecto y sentimientos sin limitaciones ni condicionamiento.&nbsp;<\/p>\n\n\n\n<p class=\"has-text-align-justify wp-block-paragraph\">Convivimos en una estructura social donde reprimimos sentimientos o lo canalizamos hacia direcciones que nuestras mismas particularidades culturales nos indican. Pero este grado de apertura paternal incide en la libertad que en el futuro podamos obtener de canalizar nuestras emociones a diferentes direcciones; podemos amar a una mujer o a un hombre, podemos permitirnos dar un beso o un abrazo a cualquier persona sin distinci\u00f3n de g\u00e9nero. Podemos transmitir y experimentar sentimientos y afectos hacia personas simplemente en base a lo que sentimos y a lo que somos.&nbsp;Una paternidad saludable implica escuchar, atender y expandir los horizontes buscando lo mejor para sus hijos. Refleja&nbsp; reunir&nbsp; numerosas cualidades en base a empat\u00eda, apoyo y cari\u00f1o. Definitivamente, la construcci\u00f3n de una nueva generaci\u00f3n en base a virtudes y valores,&nbsp; que busca la felicidad, la libre expresi\u00f3n&nbsp; y el sentido de&nbsp; existir expresando y manifestando simplemente lo que uno&nbsp; siente, conlleva de la misma manera una educaci\u00f3n en base a apertura y aceptaci\u00f3n por parte de los padres, bajo esa cualidad \u00fanica y especial que desarrollan varias personas <strong>diversificando la paternidad.<\/strong><\/p>\n\n\n\n<figure class=\"wp-block-image size-large\"><img data-recalc-dims=\"1\" loading=\"lazy\" decoding=\"async\" width=\"864\" height=\"509\" src=\"https:\/\/i0.wp.com\/itgetsbetter.org\/paraguay\/wp-content\/uploads\/sites\/10\/2020\/06\/pexels-photo-3968119.jpeg?resize=864%2C509&#038;ssl=1\" alt=\"\" class=\"wp-image-533\" srcset=\"https:\/\/i0.wp.com\/igb.global\/paraguay\/wp-content\/uploads\/sites\/10\/2020\/06\/pexels-photo-3968119.jpeg?w=864&amp;ssl=1 864w, https:\/\/i0.wp.com\/igb.global\/paraguay\/wp-content\/uploads\/sites\/10\/2020\/06\/pexels-photo-3968119.jpeg?resize=300%2C177&amp;ssl=1 300w, https:\/\/i0.wp.com\/igb.global\/paraguay\/wp-content\/uploads\/sites\/10\/2020\/06\/pexels-photo-3968119.jpeg?resize=768%2C452&amp;ssl=1 768w, https:\/\/i0.wp.com\/igb.global\/paraguay\/wp-content\/uploads\/sites\/10\/2020\/06\/pexels-photo-3968119.jpeg?resize=93%2C55&amp;ssl=1 93w, https:\/\/i0.wp.com\/igb.global\/paraguay\/wp-content\/uploads\/sites\/10\/2020\/06\/pexels-photo-3968119.jpeg?resize=150%2C88&amp;ssl=1 150w, https:\/\/i0.wp.com\/igb.global\/paraguay\/wp-content\/uploads\/sites\/10\/2020\/06\/pexels-photo-3968119.jpeg?resize=600%2C353&amp;ssl=1 600w\" sizes=\"auto, (max-width: 864px) 100vw, 864px\" \/><\/figure>\n","protected":false},"excerpt":{"rendered":"<p>El concepto de paternidad, ha sido frecuentemente considerado un t\u00e9rmino\u00a0 que irradia fuertes lazos de\u00a0conexi\u00f3n y arraigos afectivos y normativos desde diferentes contextos a nivel cultural. Dentro del contexto de [&hellip;]<\/p>\n","protected":false},"author":62,"featured_media":531,"comment_status":"closed","ping_status":"closed","sticky":false,"template":"","format":"standard","meta":{"_coblocks_attr":"","_coblocks_dimensions":"","_coblocks_responsive_height":"","_coblocks_accordion_ie_support":"","_jetpack_newsletter_access":"","_jetpack_dont_email_post_to_subs":false,"_jetpack_newsletter_tier_id":0,"_jetpack_memberships_contains_paywalled_content":false,"_jetpack_feature_clip_id":0,"_jetpack_memberships_contains_paid_content":false,"footnotes":"","jetpack_post_was_ever_published":false},"categories":[],"tags":[],"class_list":["post-530","post","type-post","status-publish","format-standard","has-post-thumbnail","hentry"],"jetpack_sharing_enabled":true,"jetpack_featured_media_url":"https:\/\/i0.wp.com\/igb.global\/paraguay\/wp-content\/uploads\/sites\/10\/2020\/06\/pexels-photo-105952.jpeg?fit=1880%2C1253&ssl=1","_links":{"self":[{"href":"https:\/\/igb.global\/paraguay\/wp-json\/wp\/v2\/posts\/530","targetHints":{"allow":["GET"]}}],"collection":[{"href":"https:\/\/igb.global\/paraguay\/wp-json\/wp\/v2\/posts"}],"about":[{"href":"https:\/\/igb.global\/paraguay\/wp-json\/wp\/v2\/types\/post"}],"author":[{"embeddable":true,"href":"https:\/\/igb.global\/paraguay\/wp-json\/wp\/v2\/users\/62"}],"replies":[{"embeddable":true,"href":"https:\/\/igb.global\/paraguay\/wp-json\/wp\/v2\/comments?post=530"}],"version-history":[{"count":1,"href":"https:\/\/igb.global\/paraguay\/wp-json\/wp\/v2\/posts\/530\/revisions"}],"predecessor-version":[{"id":1149,"href":"https:\/\/igb.global\/paraguay\/wp-json\/wp\/v2\/posts\/530\/revisions\/1149"}],"wp:featuredmedia":[{"embeddable":true,"href":"https:\/\/igb.global\/paraguay\/wp-json\/wp\/v2\/media\/531"}],"wp:attachment":[{"href":"https:\/\/igb.global\/paraguay\/wp-json\/wp\/v2\/media?parent=530"}],"wp:term":[{"taxonomy":"category","embeddable":true,"href":"https:\/\/igb.global\/paraguay\/wp-json\/wp\/v2\/categories?post=530"},{"taxonomy":"post_tag","embeddable":true,"href":"https:\/\/igb.global\/paraguay\/wp-json\/wp\/v2\/tags?post=530"}],"curies":[{"name":"wp","href":"https:\/\/api.w.org\/{rel}","templated":true}]}}