
{"id":641,"date":"2020-11-07T19:16:54","date_gmt":"2020-11-07T19:16:54","guid":{"rendered":"https:\/\/itgetsbetter.org\/paraguay\/?post_type=initiative&#038;p=641"},"modified":"2022-01-18T09:02:58","modified_gmt":"2022-01-18T09:02:58","slug":"vision-mision","status":"publish","type":"post","link":"https:\/\/igb.global\/paraguay\/blog\/vision-mision\/","title":{"rendered":"Visi\u00f3n, Misi\u00f3n y Equipo"},"content":{"rendered":"\n<p class=\"wp-block-paragraph\"><strong>VISI\u00d3N<\/strong><\/p>\n\n\n\n<p class=\"wp-block-paragraph\">Ser un programa referente a nivel nacional, regional e internacional en la defensa y promoci\u00f3n de los DDHH, la salud mental y la equidad social de las personas en situaci\u00f3n de vulnerabilidad.<\/p>\n\n\n\n<p class=\"wp-block-paragraph\"><strong>MISI\u00d3N<\/strong><\/p>\n\n\n\n<p class=\"wp-block-paragraph\">Estamos comprometides con el desarrollo humano social, abordando diferentes dimensiones de la personalidad humana, mediante el trabajo articulado con el Gobierno, la Sociedad civil, la academia y las empresas.<\/p>\n\n\n\n<hr class=\"wp-block-separator\" \/>\n\n\n\n<p class=\"wp-block-paragraph\"><strong><em>Compartir Historias.&nbsp;<\/em><\/strong>Conectamos a personas j\u00f3venes LGBTQ+ en todo el mundo al proporcionar acceso a un mont\u00f3n de historias inspiradoras de esperanza, resiliencia y determinaci\u00f3n, compartidos por la poblaci\u00f3n LGBTQ+ y sus aliades.<\/p>\n\n\n\n<p class=\"wp-block-paragraph\"><strong><em>Construyendo Comunidad.<\/em>&nbsp;<\/strong>Somos una comunidad internacional y local que:<\/p>\n\n\n\n<ul class=\"wp-block-list\"><li>Cultiva una red creciente de Afiliados Globales* que han aceptado la misi\u00f3n de It Gets Better Project, para apoyar a les j\u00f3venes LGBTQ+ en sus estados de origen,<\/li><li>Interactua con j\u00f3venes LGBTQ+ dentro y fuera del internet.<\/li><li>Se conecta con proveedores de servicios comunitarios locales que pueden proporcionar asistencia de forma directa.<\/li><\/ul>\n\n\n\n<p class=\"wp-block-paragraph\"><em>*La Red Global de Afiliados tiene presencia en Argentina, Austria, Brasil, Canad\u00e1, Chile, Colombia, Rep\u00fablica Dominicana, Ecuador, Grecia, Guatemala, India, M\u00e9xico, Paraguay, Per\u00fa, Portugal, Rusia, Reino Unido, Espa\u00f1a, y las oficinas centrales en Estados Unidos.<\/em><\/p>\n\n\n\n<hr class=\"wp-block-separator\" \/>\n\n\n\n<p class=\"wp-block-paragraph\"><strong>EQUIPO<\/strong><\/p>\n\n\n\n<p class=\"wp-block-paragraph\"><strong><em>Fundadores<\/em><\/strong><\/p>\n\n\n\n<ul class=\"wp-block-list\"><li>Diego Baz\u00e1n<\/li><li>Ram\u00f3n Gonz\u00e1lez<\/li><li>Alejandro Cano <\/li><\/ul>\n\n\n\n<p class=\"wp-block-paragraph\"><strong><em>Comisi\u00f3n Directiva<\/em><\/strong><\/p>\n\n\n\n<ul class=\"wp-block-list\"><li>Alejandro Cano, Director Ejecutivo &#8211; raca87@gmail.com<\/li><li>C\u00e9sar L\u00f3pez Bosio, Tesorero &#8211; cesarlopezbosio@gmail.com<\/li><li>Ram\u00f3n Gonz\u00e1lez, Secretario &#8211; ragonzalez.press@gmail.com<\/li><li>Elena Velilla de Pusineri, Vocal 1<\/li><li>Yahaira L\u00f3pez, Vocal 2<\/li><\/ul>\n\n\n\n<p class=\"wp-block-paragraph\"><strong><em>Equipo<\/em><\/strong><\/p>\n\n\n\n<ul class=\"wp-block-list\"><li>Diego Baz\u00e1n, Director de Programas &#8211; diegobazan9@gmail.com <\/li><li>Andrea Riveros, Coordinadora de Bienestar &#8211; anduriveros14@gmail.com<\/li><li>Gricelda Fern\u00e1ndez, Coordinadora de Salud Mental &#8211; griceldafernandes93@gmail.com<\/li><li>Diego G\u00edmenez, Movilizaci\u00f3n &#8211; diegoarturogimenez@gmail.com<\/li><\/ul>\n\n\n\n<p class=\"wp-block-paragraph\"><strong><em>Colaboradores<\/em><\/strong><\/p>\n\n\n\n<ul class=\"wp-block-list\"><li>Lui Gonz\u00e1lez<\/li><li>Patricia Giacomuzzi <\/li><li>Gabi Acosta<\/li><li>Carlos Gonz\u00e1lez<\/li><li>Alberto Garay<\/li><li>Jos\u00e9 Garay<\/li><li>Tereza Arrieta<\/li><li>Vanessa Servian<\/li><li>Yessica Yegros<\/li><li>Dami\u00e1n Pineda<\/li><\/ul>\n\n\n\n<p class=\"wp-block-paragraph\"><\/p>\n\n\n\n<p class=\"wp-block-paragraph\"><\/p>\n","protected":false},"excerpt":{"rendered":"<p>VISI\u00d3N Ser un programa referente a nivel nacional, regional e internacional en la defensa y promoci\u00f3n de los DDHH, la salud mental y la equidad social de las personas en [&hellip;]<\/p>\n","protected":false},"author":62,"featured_media":664,"comment_status":"closed","ping_status":"closed","sticky":false,"template":"","format":"standard","meta":{"_coblocks_attr":"","_coblocks_dimensions":"","_coblocks_responsive_height":"","_coblocks_accordion_ie_support":"","_jetpack_newsletter_access":"","_jetpack_dont_email_post_to_subs":false,"_jetpack_newsletter_tier_id":0,"_jetpack_memberships_contains_paywalled_content":false,"_jetpack_feature_clip_id":0,"_jetpack_memberships_contains_paid_content":false,"footnotes":"","jetpack_post_was_ever_published":false},"categories":[],"tags":[],"class_list":["post-641","post","type-post","status-publish","format-standard","has-post-thumbnail","hentry"],"jetpack_sharing_enabled":true,"jetpack_featured_media_url":"https:\/\/i0.wp.com\/igb.global\/paraguay\/wp-content\/uploads\/sites\/10\/2020\/11\/IMG-9564-scaled.jpg?fit=2560%2C1415&ssl=1","_links":{"self":[{"href":"https:\/\/igb.global\/paraguay\/wp-json\/wp\/v2\/posts\/641","targetHints":{"allow":["GET"]}}],"collection":[{"href":"https:\/\/igb.global\/paraguay\/wp-json\/wp\/v2\/posts"}],"about":[{"href":"https:\/\/igb.global\/paraguay\/wp-json\/wp\/v2\/types\/post"}],"author":[{"embeddable":true,"href":"https:\/\/igb.global\/paraguay\/wp-json\/wp\/v2\/users\/62"}],"replies":[{"embeddable":true,"href":"https:\/\/igb.global\/paraguay\/wp-json\/wp\/v2\/comments?post=641"}],"version-history":[{"count":1,"href":"https:\/\/igb.global\/paraguay\/wp-json\/wp\/v2\/posts\/641\/revisions"}],"predecessor-version":[{"id":1132,"href":"https:\/\/igb.global\/paraguay\/wp-json\/wp\/v2\/posts\/641\/revisions\/1132"}],"wp:featuredmedia":[{"embeddable":true,"href":"https:\/\/igb.global\/paraguay\/wp-json\/wp\/v2\/media\/664"}],"wp:attachment":[{"href":"https:\/\/igb.global\/paraguay\/wp-json\/wp\/v2\/media?parent=641"}],"wp:term":[{"taxonomy":"category","embeddable":true,"href":"https:\/\/igb.global\/paraguay\/wp-json\/wp\/v2\/categories?post=641"},{"taxonomy":"post_tag","embeddable":true,"href":"https:\/\/igb.global\/paraguay\/wp-json\/wp\/v2\/tags?post=641"}],"curies":[{"name":"wp","href":"https:\/\/api.w.org\/{rel}","templated":true}]}}