
{"id":673,"date":"2020-11-17T13:10:06","date_gmt":"2020-11-17T13:10:06","guid":{"rendered":"https:\/\/itgetsbetter.org\/paraguay\/?post_type=initiative&#038;p=673"},"modified":"2022-01-18T09:02:58","modified_gmt":"2022-01-18T09:02:58","slug":"rompiendo-estereotipos","status":"publish","type":"post","link":"https:\/\/igb.global\/paraguay\/blog\/rompiendo-estereotipos\/","title":{"rendered":"ROMPIENDO ESTEREOTIPOS DE CALIDAD DE VIDA LGBTIQ+ EN COMUNIDADES VULNERABLES"},"content":{"rendered":"\n<blockquote class=\"wp-block-quote is-layout-flow wp-block-quote-is-layout-flow\"><p><em>Abordar en totalidad lo referente a la calidad de vida de las personas implica ahondar en numerosos factores: f\u00edsicos, psicol\u00f3gicos, sociales y ambientales que debe reunir para poder vivir plenamente con sigo misme y su entorno. Pero, <strong>\u00bfqu\u00e9 pensamos cuando hablamos de personas vulnerables en lugares geogr\u00e1ficos  y\u00a0 su calidad de vida?<\/strong>\u00a0 <\/em><\/p><\/blockquote>\n\n\n\n<p class=\"wp-block-paragraph\">Aunque resulte hasta parad\u00f3jico, un estudio que realizamos a fines del 2017 por psic\u00f3logos de \u00a0la Hora Segura, revela que muchas personas LGBTIQ+ tienen una autopercepci\u00f3n positiva en diversas \u00e1reas claves que estructuran una \u00f3ptima calidad de vida. En otras palabras, estas personas LGBTIQ+ se auto perciben positivamente a nivel psicol\u00f3gico y social viviendo en comunidades vulnerables, en este caso: el Ba\u00f1ado Tacumb\u00fa.<\/p>\n\n\n\n<p class=\"wp-block-paragraph\">Los resultados arrojados merecen de un profundo an\u00e1lisis psico-social que de ante mano, refleja claramente el papel de los estereotipos cristalizados en una sociedad ciega de sus propias construcciones bajo cimientos de sobre generalizaciones y prejuicios.<\/p>\n\n\n\n<p class=\"wp-block-paragraph\">Podemos inferir que son dos los factores principales vinculados a los estereotipos y prejuicios que vamos solidificando en nuestro entorno: las personas LGBTIQ+ y el ba\u00f1ado. <strong>\u00bfQu\u00e9 aspectos en com\u00fan pensamos que se apropian de estos dos factores? <\/strong>Al responder esta interrogante, es posible que numerosas personas coincidan en una respuesta: <strong>la vulnerabilidad.<\/strong><\/p>\n\n\n\n<figure class=\"wp-block-image size-large is-style-default\"><img data-recalc-dims=\"1\" loading=\"lazy\" decoding=\"async\" width=\"1024\" height=\"527\" src=\"https:\/\/i0.wp.com\/itgetsbetter.org\/paraguay\/wp-content\/uploads\/sites\/10\/2020\/11\/banado2-1024x527.jpg?resize=1024%2C527&#038;ssl=1\" alt=\"\" class=\"wp-image-674\" srcset=\"https:\/\/i0.wp.com\/igb.global\/paraguay\/wp-content\/uploads\/sites\/10\/2020\/11\/banado2.jpg?resize=1024%2C527&amp;ssl=1 1024w, https:\/\/i0.wp.com\/igb.global\/paraguay\/wp-content\/uploads\/sites\/10\/2020\/11\/banado2.jpg?resize=300%2C154&amp;ssl=1 300w, https:\/\/i0.wp.com\/igb.global\/paraguay\/wp-content\/uploads\/sites\/10\/2020\/11\/banado2.jpg?resize=768%2C395&amp;ssl=1 768w, https:\/\/i0.wp.com\/igb.global\/paraguay\/wp-content\/uploads\/sites\/10\/2020\/11\/banado2.jpg?resize=1536%2C791&amp;ssl=1 1536w, https:\/\/i0.wp.com\/igb.global\/paraguay\/wp-content\/uploads\/sites\/10\/2020\/11\/banado2.jpg?resize=107%2C55&amp;ssl=1 107w, https:\/\/i0.wp.com\/igb.global\/paraguay\/wp-content\/uploads\/sites\/10\/2020\/11\/banado2.jpg?resize=150%2C77&amp;ssl=1 150w, https:\/\/i0.wp.com\/igb.global\/paraguay\/wp-content\/uploads\/sites\/10\/2020\/11\/banado2.jpg?resize=600%2C309&amp;ssl=1 600w, https:\/\/i0.wp.com\/igb.global\/paraguay\/wp-content\/uploads\/sites\/10\/2020\/11\/banado2.jpg?w=2046&amp;ssl=1 2046w\" sizes=\"auto, (max-width: 1000px) 100vw, 1000px\" \/><\/figure>\n\n\n\n<p class=\"wp-block-paragraph\">Esta vulnerabilidad (desde el plano psico-social) es resultado propio de una condici\u00f3n atada a aspectos culturales y sociales que construimos como sociedad, que en realidad reflejan&nbsp; la ausencia de derechos a esta poblaci\u00f3n, sumados a creencias e ideas prejuzgadas de personas fuera del entorno que perciben a pobladores Ba\u00f1adenses como personas de mal, relacion\u00e1ndolos con seres violentos, muches con adicciones o la delincuencia; sumergidas en conductas contraproducentes y desadaptativas en la sociedad.<\/p>\n\n\n\n<p class=\"wp-block-paragraph\">No podemos negar la realidad, tanto las adicciones, la violencia y delincuencia est\u00e1n presentes, pero al mismo tiempo eso ocurre en la poblaci\u00f3n en general, no obstante, poseemos un inadecuado habito de generalizar estas situaciones que en consecuencia se cristalizan formulando premisas que se tienden a perpetuar hacia una comunidad diversa. Del mismo modo, se tiende a pensar que las personas LGBTIQ+ de esta poblaci\u00f3n se encuentran invadidas de estas situaciones y por ende, es posible que posean una autopercepci\u00f3n deteriorada de su calidad de vida, tiendo repercusiones en el plano psicol\u00f3gico como social.<\/p>\n\n\n\n<p class=\"wp-block-paragraph\">Nos dimos cuenta tras este estudio que esa prejuicio no coincide con la realidad, ya que como reflejan los resultados, existe una autopercepci\u00f3n positiva en cuanto a bienestar psicol\u00f3gico y social, es decir, las personas LGBTIQ+ se encuentran satisfechas con las relaciones que establece con su comunidad, desde sus redes de apoyo, amistades, v\u00ednculos de parejas y hasta reciben apoyo y aceptaci\u00f3n de su entorno hacia su identidad u orientaci\u00f3n sexual.<\/p>\n\n\n\n<p class=\"wp-block-paragraph\">A nivel personal, pude constatar los resultados metodol\u00f3gicos con la propia experiencia, ya que en mi breve estad\u00eda pude percibir a personas felices, orgullosas y fortalecidas a pesar de los inconvenientes de grandes magnitudes, como inundaciones, robos y p\u00e9rdidas. Las personas LGBTIQ+ en ba\u00f1ados poseen una gran capacidad de enfrentar las dificultades juntes (pobladores en general), trabajando y fortaleciendo relaciones con su entorno desde una actitud optimista, so\u00f1adora y fortalecida.<\/p>\n\n\n\n<p class=\"wp-block-paragraph\">Por otro lado, aunque en una manera moderada, las personas LGBTIQ+ tienen una positiva autovaloraci\u00f3n, desde su imagen corporal y apariencia, pudiendo expresar sentimientos con su entorno que conllevan a mantener una buena autoestima.&nbsp; De esta manera, los pensamientos prejuiciosos y juzgadores que se perpet\u00faan externamente ante la poblaci\u00f3n LGBTIQ+ en Ba\u00f1ados como la de ser constantemente discriminados, violentados y por ende, convivir con secuelas psicol\u00f3gicas son equivocadas.<\/p>\n\n\n\n<p class=\"wp-block-paragraph\">No obstante, queda pendiente elevar factores que mejoren o potencien de por si estos aspectos positivos en las personas LGBTIQ+ ya que, aunque se perciben resultados favorables en cuanto a lo psicol\u00f3gico y social; la salud f\u00edsica y el ambiente (ambos factores estrechamente relacionados) son dos materias pendientes a mejorar en la comunidad. Se puede percibir resultados menores en cuanto a la autopercepci\u00f3n de la salud f\u00edsica y el ambiente, y aunque la responsabilidad recae en conductas adaptativas de los pobladores para mantener una mejor calidad de vida, las autoridades gubernamentales tienen la obligaci\u00f3n de instaurar y sostener espacios de educaci\u00f3n, prevenci\u00f3n e intervenci\u00f3n que favorezcan mejores condiciones.<\/p>\n\n\n\n<p class=\"wp-block-paragraph\">Resulta interesante y alentador que personas viviendo en comunidades geogr\u00e1ficamente vulnerables debido a las condiciones desfavorables ambientales o por la nula preocupaci\u00f3n de las autoridades municipales\/estatales en cuanto a falta de oportunidades, etc. De igual manera mantienen aspectos claves de una buena calidad de vida como los aspectos psicol\u00f3gicos y sociales.<\/p>\n\n\n\n<p class=\"wp-block-paragraph\">El propio transcurrir de la vida de los Ba\u00f1adenses LGBTIQ+, nos deja una grata sorpresa que nos invita a reflexionar a todos, ya que desarrollan una gran capacidad de <strong>resiliencia<\/strong> ante las adversidades con las que tienen que convivir estableciendo buenas relaciones con su entorno, siendo respetados o aceptados, y por otro lado, que una vez m\u00e1s, desenmascaran la capa de prejuicios y estereotipos que se forman equivocadamente hacia elles.<\/p>\n\n\n\n<p class=\"wp-block-paragraph\"><strong>Para acceder a la investigaci\u00f3n completa<\/strong> <strong>pueden revisar en nuestra p\u00e1gina de la <a href=\"https:\/\/itgetsbetter.org\/paraguay\/hora-segura\/\" data-type=\"URL\" data-id=\"https:\/\/itgetsbetter.org\/paraguay\/hora-segura\/\">Hora Segura.<\/a><\/strong><\/p>\n\n\n\n<figure class=\"wp-block-image size-large\"><img data-recalc-dims=\"1\" loading=\"lazy\" decoding=\"async\" width=\"716\" height=\"603\" src=\"https:\/\/i0.wp.com\/itgetsbetter.org\/paraguay\/wp-content\/uploads\/sites\/10\/2020\/11\/banado1.jpg?resize=716%2C603&#038;ssl=1\" alt=\"\" class=\"wp-image-675\" srcset=\"https:\/\/i0.wp.com\/igb.global\/paraguay\/wp-content\/uploads\/sites\/10\/2020\/11\/banado1.jpg?w=716&amp;ssl=1 716w, https:\/\/i0.wp.com\/igb.global\/paraguay\/wp-content\/uploads\/sites\/10\/2020\/11\/banado1.jpg?resize=300%2C253&amp;ssl=1 300w, https:\/\/i0.wp.com\/igb.global\/paraguay\/wp-content\/uploads\/sites\/10\/2020\/11\/banado1.jpg?resize=65%2C55&amp;ssl=1 65w, https:\/\/i0.wp.com\/igb.global\/paraguay\/wp-content\/uploads\/sites\/10\/2020\/11\/banado1.jpg?resize=150%2C126&amp;ssl=1 150w, https:\/\/i0.wp.com\/igb.global\/paraguay\/wp-content\/uploads\/sites\/10\/2020\/11\/banado1.jpg?resize=600%2C505&amp;ssl=1 600w\" sizes=\"auto, (max-width: 716px) 100vw, 716px\" \/><\/figure>\n\n\n\n<p class=\"wp-block-paragraph\"><\/p>\n","protected":false},"excerpt":{"rendered":"<p>Abordar en totalidad lo referente a la calidad de vida de las personas implica ahondar en numerosos factores: f\u00edsicos, psicol\u00f3gicos, sociales y ambientales que debe reunir para poder vivir plenamente [&hellip;]<\/p>\n","protected":false},"author":62,"featured_media":676,"comment_status":"closed","ping_status":"closed","sticky":false,"template":"","format":"standard","meta":{"_coblocks_attr":"","_coblocks_dimensions":"","_coblocks_responsive_height":"","_coblocks_accordion_ie_support":"","_jetpack_newsletter_access":"","_jetpack_dont_email_post_to_subs":false,"_jetpack_newsletter_tier_id":0,"_jetpack_memberships_contains_paywalled_content":false,"_jetpack_feature_clip_id":0,"_jetpack_memberships_contains_paid_content":false,"footnotes":"","jetpack_post_was_ever_published":false},"categories":[],"tags":[],"class_list":["post-673","post","type-post","status-publish","format-standard","has-post-thumbnail","hentry"],"jetpack_sharing_enabled":true,"jetpack_featured_media_url":"https:\/\/i0.wp.com\/igb.global\/paraguay\/wp-content\/uploads\/sites\/10\/2020\/11\/portada.png?fit=999%2C496&ssl=1","_links":{"self":[{"href":"https:\/\/igb.global\/paraguay\/wp-json\/wp\/v2\/posts\/673","targetHints":{"allow":["GET"]}}],"collection":[{"href":"https:\/\/igb.global\/paraguay\/wp-json\/wp\/v2\/posts"}],"about":[{"href":"https:\/\/igb.global\/paraguay\/wp-json\/wp\/v2\/types\/post"}],"author":[{"embeddable":true,"href":"https:\/\/igb.global\/paraguay\/wp-json\/wp\/v2\/users\/62"}],"replies":[{"embeddable":true,"href":"https:\/\/igb.global\/paraguay\/wp-json\/wp\/v2\/comments?post=673"}],"version-history":[{"count":1,"href":"https:\/\/igb.global\/paraguay\/wp-json\/wp\/v2\/posts\/673\/revisions"}],"predecessor-version":[{"id":1128,"href":"https:\/\/igb.global\/paraguay\/wp-json\/wp\/v2\/posts\/673\/revisions\/1128"}],"wp:featuredmedia":[{"embeddable":true,"href":"https:\/\/igb.global\/paraguay\/wp-json\/wp\/v2\/media\/676"}],"wp:attachment":[{"href":"https:\/\/igb.global\/paraguay\/wp-json\/wp\/v2\/media?parent=673"}],"wp:term":[{"taxonomy":"category","embeddable":true,"href":"https:\/\/igb.global\/paraguay\/wp-json\/wp\/v2\/categories?post=673"},{"taxonomy":"post_tag","embeddable":true,"href":"https:\/\/igb.global\/paraguay\/wp-json\/wp\/v2\/tags?post=673"}],"curies":[{"name":"wp","href":"https:\/\/api.w.org\/{rel}","templated":true}]}}